{"id":14822,"date":"2026-04-12T16:11:28","date_gmt":"2026-04-12T22:11:28","guid":{"rendered":"https:\/\/www2.podionoticias.com.mx\/?p=14822"},"modified":"2026-04-12T16:11:29","modified_gmt":"2026-04-12T22:11:29","slug":"merida-refuerza-acciones-de-vivienda-digna-en-comisarias-y-colonias-para-reducir-desigualdad-social","status":"publish","type":"post","link":"https:\/\/www2.podionoticias.com.mx\/?p=14822","title":{"rendered":"M\u00e9rida refuerza acciones de vivienda digna en comisar\u00edas y colonias para reducir desigualdad social"},"content":{"rendered":"\n<p><strong>M\u00e9rida, Yuc., Domingo 12\/04\/2026<\/strong>.- En el marco de la Semana de la Vivienda Digna, la presidenta municipal de M\u00e9rida, Cecilia Patr\u00f3n Laviada, refrend\u00f3 su compromiso con la justicia social y el bienestar de las familias meridanas con la entrega y consolidaci\u00f3n de acciones de mejora de vivienda en distintas comisar\u00edas y colonias del municipio.<\/p>\n\n\n\n<p>\u201cUna vivienda digna es el cimiento para una familia con bienestar. Por ello, en este Ayuntamiento trabajamos todos los d\u00edas para que m\u00e1s personas tengan acceso a espacios seguros y adecuados, especialmente en las comisar\u00edas del sur de M\u00e9rida, donde m\u00e1s se necesita\u201d, destac\u00f3 la alcaldesa.<\/p>\n\n\n\n<p>Como parte de esta estrategia integral, se realizaron entregas de acciones de vivienda en Santa Cruz Palomeque, Dzununc\u00e1n, Xmatkuil y el Roble Agr\u00edcola donde las familias beneficiarias ahora cuentan con cuartos dormitorio, as\u00ed como con pisos y techos firmes, elementos esenciales para garantizar una mejor calidad de vida.<\/p>\n\n\n\n<p>\u201cAcercamos estos programas a quienes m\u00e1s lo necesitan, disminuyendo la brecha de desigualdad en nuestra ciudad. Hoy, m\u00e1s familias pueden disfrutar de un espacio digno y propio, donde crecer y convivir con plenitud, as\u00ed es este Ayuntamiento cercano y que prioriza acciones siempre con orden y justicia social\u201d, afirm\u00f3.<\/p>\n\n\n\n<p>Cabe recordar que en el marco de la conmemoraci\u00f3n del D\u00eda Internacional de la Mujer y como parte del programa \u201cFachada Violeta\u201d, la mun\u00edcipe subray\u00f3 la importancia de reconocer y respaldar a las mujeres que sostienen sus hogares.<\/p>\n\n\n\n<p>Como ejemplo, se entreg\u00f3 un cuarto dormitorio a la beneficiaria Lizbeth del Carmen Quintana Ramos, en San Antonio Xluch III, brind\u00e1ndole a ella y a su familia un espacio digno y seguro.<\/p>\n\n\n\n<p>A la fecha, se han concluido m\u00e1s de 1 mil 033 acciones de vivienda en el municipio, mientras que 15 m\u00e1s se encuentran en proceso, consistentes en la construcci\u00f3n de cocinas, ba\u00f1os, dormitorios, pisos, techos y fosas s\u00e9pticas, ampliando as\u00ed el impacto positivo en la calidad de vida de las familias.<\/p>\n\n\n\n<p>Estas acciones atienden problem\u00e1ticas como el hacinamiento, permitiendo que ni\u00f1as, ni\u00f1os y j\u00f3venes cuenten con un espacio adecuado para descansar y estudiar, adem\u00e1s de apoyar a mujeres jefas de familia.<\/p>\n\n\n\n<p>Finalmente, Cecilia Patr\u00f3n reiter\u00f3 que el desarrollo de M\u00e9rida en 2026 se construye avanzando parejo, sin dejar a nadie atr\u00e1s, consolidando una ciudad m\u00e1s justa, incluyente y con un patrimonio seguro con mejores oportunidades para todas y todos.<\/p>\n","protected":false},"excerpt":{"rendered":"<p>M\u00e9rida, Yuc., Domingo 12\/04\/2026.- En el marco de la Semana de la Vivienda Digna, la presidenta municipal de M\u00e9rida, Cecilia Patr\u00f3n Laviada, refrend\u00f3 su compromiso con la justicia social y el bienestar de las familias meridanas con la entrega y consolidaci\u00f3n de acciones de mejora de vivienda en distintas comisar\u00edas y colonias del municipio. \u201cUna [&hellip;]<\/p>\n","protected":false},"author":2,"featured_media":14823,"comment_status":"open","ping_status":"closed","sticky":false,"template":"","format":"standard","meta":{"footnotes":""},"categories":[2],"tags":[],"class_list":["post-14822","post","type-post","status-publish","format-standard","has-post-thumbnail","hentry","category-politica"],"_links":{"self":[{"href":"https:\/\/www2.podionoticias.com.mx\/index.php?rest_route=\/wp\/v2\/posts\/14822","targetHints":{"allow":["GET"]}}],"collection":[{"href":"https:\/\/www2.podionoticias.com.mx\/index.php?rest_route=\/wp\/v2\/posts"}],"about":[{"href":"https:\/\/www2.podionoticias.com.mx\/index.php?rest_route=\/wp\/v2\/types\/post"}],"author":[{"embeddable":true,"href":"https:\/\/www2.podionoticias.com.mx\/index.php?rest_route=\/wp\/v2\/users\/2"}],"replies":[{"embeddable":true,"href":"https:\/\/www2.podionoticias.com.mx\/index.php?rest_route=%2Fwp%2Fv2%2Fcomments&post=14822"}],"version-history":[{"count":1,"href":"https:\/\/www2.podionoticias.com.mx\/index.php?rest_route=\/wp\/v2\/posts\/14822\/revisions"}],"predecessor-version":[{"id":14824,"href":"https:\/\/www2.podionoticias.com.mx\/index.php?rest_route=\/wp\/v2\/posts\/14822\/revisions\/14824"}],"wp:featuredmedia":[{"embeddable":true,"href":"https:\/\/www2.podionoticias.com.mx\/index.php?rest_route=\/wp\/v2\/media\/14823"}],"wp:attachment":[{"href":"https:\/\/www2.podionoticias.com.mx\/index.php?rest_route=%2Fwp%2Fv2%2Fmedia&parent=14822"}],"wp:term":[{"taxonomy":"category","embeddable":true,"href":"https:\/\/www2.podionoticias.com.mx\/index.php?rest_route=%2Fwp%2Fv2%2Fcategories&post=14822"},{"taxonomy":"post_tag","embeddable":true,"href":"https:\/\/www2.podionoticias.com.mx\/index.php?rest_route=%2Fwp%2Fv2%2Ftags&post=14822"}],"curies":[{"name":"wp","href":"https:\/\/api.w.org\/{rel}","templated":true}]}}